{"id":99957,"date":"2026-07-09T12:55:53","date_gmt":"2026-07-09T17:55:53","guid":{"rendered":"https:\/\/arl-iowa.org\/sin-categorizar\/22-perros-pequenos-te-necesitan-ahora\/"},"modified":"2026-08-20T12:28:16","modified_gmt":"2026-08-20T17:28:16","slug":"22-perros-pequenos-te-necesitan-ahora","status":"publish","type":"post","link":"https:\/\/arl-iowa.org\/es\/sin-categorizar\/22-perros-pequenos-te-necesitan-ahora\/","title":{"rendered":"22 perros peque\u00f1os te necesitan ahora"},"content":{"rendered":"<div class=\"wpb-content-wrapper\"><p>[vc_row][vc_column][vc_column_text css=\u00bb\u00bb]<a href=\"https:\/\/arl-iowa.org\/es\/sin-categorizar\/22-perros-pequenos-te-necesitan-ahora\/?form=FUNAEMAKKBQ\" class=\"image-link\"><img loading=\"lazy\" decoding=\"async\" class=\"alignnone wp-image-92819 size-full\" src=\"https:\/\/arl-iowa.org\/wp-content\/uploads\/2026\/07\/0709_22-dogs_eappeal_Header.jpg\" alt=\"\" width=\"800\" height=\"600\" srcset=\"https:\/\/arl-iowa.org\/wp-content\/uploads\/2026\/07\/0709_22-dogs_eappeal_Header.jpg 800w, https:\/\/arl-iowa.org\/wp-content\/uploads\/2026\/07\/0709_22-dogs_eappeal_Header-300x225.jpg 300w, https:\/\/arl-iowa.org\/wp-content\/uploads\/2026\/07\/0709_22-dogs_eappeal_Header-768x576.jpg 768w, https:\/\/arl-iowa.org\/wp-content\/uploads\/2026\/07\/0709_22-dogs_eappeal_Header-600x450.jpg 600w\" sizes=\"auto, (max-width: 800px) 100vw, 800px\" \/><\/a><\/p>\n<p>&nbsp;<\/p>\n<p><span data-olk-copy-source=\"MessageBody\">Cuando nuestro Equipo de Bienestar y Respuesta Animal acudi\u00f3 a una llamada para ayudar a las fuerzas del orden con 22 perros peque\u00f1os en el noroeste de Iowa, pod\u00edan oler la casa antes incluso de llegar a la puerta.<\/span><\/p>\n<p><span data-olk-copy-source=\"MessageBody\">A medida que nuestro equipo se acercaba, soltaron a los perros y casi todos salieron corriendo al exterior. Incluso mientras se dispersaban, nuestro equipo pudo ver que el pelo se les hab\u00eda enredado formando nudos dolorosos. Las heces y la suciedad se les pegaban al pelaje y a las patas, y algunos ten\u00edan una p\u00e9rdida de pelo importante. Uno a uno, nuestro equipo los fue reuniendo con cuidado y los traslad\u00f3 a la seguridad de nuestros veh\u00edculos de rescate. Dentro de la casa, la situaci\u00f3n era tan mala como tem\u00edamos. El suelo estaba cubierto de heces mientras nuestro equipo sacaba a todos y cada uno de los perros que quedaban.     <\/span><\/p>\n<p><strong><a href=\"https:\/\/arl-iowa.org\/es\/sin-categorizar\/22-perros-pequenos-te-necesitan-ahora\/?form=FUNAEMAKKBQ\" class=\"image-link\"><img loading=\"lazy\" decoding=\"async\" class=\"alignnone wp-image-92817 size-full\" src=\"https:\/\/arl-iowa.org\/wp-content\/uploads\/2026\/07\/0709_22-dogs_eappeal_Content01.jpg\" alt=\"\" width=\"800\" height=\"548\" srcset=\"https:\/\/arl-iowa.org\/wp-content\/uploads\/2026\/07\/0709_22-dogs_eappeal_Content01.jpg 800w, https:\/\/arl-iowa.org\/wp-content\/uploads\/2026\/07\/0709_22-dogs_eappeal_Content01-300x206.jpg 300w, https:\/\/arl-iowa.org\/wp-content\/uploads\/2026\/07\/0709_22-dogs_eappeal_Content01-768x526.jpg 768w, https:\/\/arl-iowa.org\/wp-content\/uploads\/2026\/07\/0709_22-dogs_eappeal_Content01-320x220.jpg 320w\" sizes=\"auto, (max-width: 800px) 100vw, 800px\" \/><\/a><\/strong><\/p>\n<p><span data-olk-copy-source=\"MessageBody\">De vuelta en nuestro centro de rescate, nuestro Equipo de Atenci\u00f3n de Urgencias empez\u00f3 de inmediato a evaluar y tratar a los perros. Adem\u00e1s de un enmara\u00f1amiento grave del pelo, todos sufr\u00edan infestaciones severas de pulgas, que les provocaban un picor constante y la piel inflamada. Algunos ten\u00edan grandes zonas sin pelo, y otros ten\u00edan los ojos turbios o escondidos tras los nudos. Un cachorro lleg\u00f3 ap\u00e1tico y deshidratado, y necesitaba atenci\u00f3n de apoyo inmediata<\/span>.<\/p>\n<p>Mientras comienza su recuperaci\u00f3n, <strong><a title=\"https:\/\/secure.arl-iowa.org\/site\/R?i=hrx3Mfi3xYfDOXcNQ0nKIVQdfOXEmTMygSE2B_qXXuoWl3q5S4dCSA\" href=\"https:\/\/arl-iowa.org\/es\/sin-categorizar\/22-perros-pequenos-te-necesitan-ahora\/?form=FUNAEMAKKBQ\" data-auth=\"NotApplicable\" data-linkindex=\"1\"><span style=\"color: #6d8d24;\">estos perros te necesitan<\/span><\/a><\/strong> para ayudarles a sanar y darles esperanza.<\/p>\n<p><a href=\"https:\/\/arl-iowa.org\/es\/sin-categorizar\/22-perros-pequenos-te-necesitan-ahora\/?form=FUNAEMAKKBQ\" class=\"image-link\"><img loading=\"lazy\" decoding=\"async\" class=\"alignnone wp-image-92818 size-full\" src=\"https:\/\/arl-iowa.org\/wp-content\/uploads\/2026\/07\/0709_22-dogs_eappeal_Content02.jpg\" alt=\"\" width=\"800\" height=\"548\" srcset=\"https:\/\/arl-iowa.org\/wp-content\/uploads\/2026\/07\/0709_22-dogs_eappeal_Content02.jpg 800w, https:\/\/arl-iowa.org\/wp-content\/uploads\/2026\/07\/0709_22-dogs_eappeal_Content02-300x206.jpg 300w, https:\/\/arl-iowa.org\/wp-content\/uploads\/2026\/07\/0709_22-dogs_eappeal_Content02-768x526.jpg 768w, https:\/\/arl-iowa.org\/wp-content\/uploads\/2026\/07\/0709_22-dogs_eappeal_Content02-320x220.jpg 320w\" sizes=\"auto, (max-width: 800px) 100vw, 800px\" \/><\/a><\/p>\n<p>&nbsp;<\/p>\n<p><span style=\"color: #6d8d24;\"><strong><a style=\"color: #6d8d24;\" title=\"https:\/\/secure.arl-iowa.org\/site\/R?i=qquKYgAIdbC7W90cjcxoYWCLQWYXX-6RXgqFb63K6b_SDx8UPjztPg\" href=\"https:\/\/arl-iowa.org\/es\/sin-categorizar\/22-perros-pequenos-te-necesitan-ahora\/?form=FUNAEMAKKBQ\" data-auth=\"NotApplicable\" data-linkindex=\"2\">Tu apoyo hoy<\/a><\/strong><\/span> ayudar\u00e1 a estos perros ahora y garantizar\u00e1 que tengamos los recursos y la preparaci\u00f3n necesarios para seguir siendo un salvavidas para los animales en sus momentos m\u00e1s vulnerables. <strong><a title=\"https:\/\/secure.arl-iowa.org\/site\/R?i=FW--nkc9HqTJu3Nkmt1LIDY_sCzHCFW_ru9WsuRxDrfFjQ1NDSRqRg\" href=\"https:\/\/arl-iowa.org\/es\/sin-categorizar\/22-perros-pequenos-te-necesitan-ahora\/?form=FUNAEMAKKBQ\" data-auth=\"NotApplicable\" data-linkindex=\"3\"><span style=\"color: #6d8d24;\">Tu donaci\u00f3n mensual<\/span><\/a><\/strong> aporta un apoyo constante a los animales en crisis, en un momento en el que los fondos fiables y recurrentes son m\u00e1s importantes que nunca.<\/p>\n<p><span data-olk-copy-source=\"MessageBody\"><span style=\"color: #6d8d24;\"><strong><a style=\"color: #6d8d24;\" href=\"https:\/\/arl-iowa.org\/es\/sin-categorizar\/22-perros-pequenos-te-necesitan-ahora\/?form=FUNAEMAKKBQ\">Por favor, dona ahora<\/a><\/strong><\/span> para ayudar a estos reci\u00e9n llegados y asegurarnos de que estamos preparados para responder a la pr\u00f3xima llamada de ayuda, que podr\u00eda llegar en cualquier momento.<\/span><\/p>\n<div><\/div>\n<p><a class=\"btn btn-success btn-large\" href=\"https:\/\/arl-iowa.org\/es\/sin-categorizar\/22-perros-pequenos-te-necesitan-ahora\/?form=FUNAEMAKKBQ\">Donar<\/a><\/p>\n<p>P. D.: Cuando<span style=\"color: #6d8d24;\"> <strong><a style=\"color: #6d8d24;\" href=\"https:\/\/arl-iowa.org\/es\/sin-categorizar\/22-perros-pequenos-te-necesitan-ahora\/?form=FUNAEMAKKBQ\">dones hoy<\/a><\/strong><\/span> o <span style=\"color: #6d8d24;\"><strong><a style=\"color: #6d8d24;\" href=\"https:\/\/arl-iowa.org\/es\/sin-categorizar\/22-perros-pequenos-te-necesitan-ahora\/?form=FUNAEMAKKBQ\">te unas a nuestro Club de Amigos Fieles<\/a><\/strong> <\/span>programa de donaciones mensuales, se te inscribir\u00e1 autom\u00e1ticamente para recibir novedades sobre estos perros.[\/vc_column_text][\/vc_column][\/vc_row]<\/p>\n<\/div>","protected":false},"excerpt":{"rendered":"<p>Cuando nuestro Equipo de Bienestar y Respuesta Animal acudi\u00f3 a una llamada para ayudar a las fuerzas del orden con 22 perros peque\u00f1os en el noroeste de Iowa, pod\u00edan oler la casa antes incluso de llegar a la puerta. <\/p>\n","protected":false},"author":4,"featured_media":99958,"comment_status":"open","ping_status":"open","sticky":false,"template":"","format":"standard","meta":{"_acf_changed":false,"inline_featured_image":false,"ai_generated_summary":"","footnotes":""},"categories":[118],"tags":[],"class_list":["post-99957","post","type-post","status-publish","format-standard","has-post-thumbnail","hentry","category-sin-categorizar"],"yoast_head":"<!-- This site is optimized with the Yoast SEO plugin v28.4 - https:\/\/yoast.com\/product\/yoast-seo-wordpress\/ -->\n<title>22 perros peque\u00f1os te necesitan ahora | ARL - Animal Rescue League of Iowa, Inc.<\/title>\n<meta name=\"description\" content=\"Cuando nuestro Equipo de Bienestar y Respuesta Animal acudi\u00f3 a una llamada para ayudar a las fuerzas del orden con 22 perros peque\u00f1os en el noroeste de Iowa, pod\u00edan oler la casa antes incluso de llegar a la puerta.\" \/>\n<meta name=\"robots\" content=\"index, follow, max-snippet:-1, max-image-preview:large, max-video-preview:-1\" \/>\n<link rel=\"canonical\" href=\"https:\/\/arl-iowa.org\/es\/sin-categorizar\/22-perros-pequenos-te-necesitan-ahora\/\" \/>\n<meta property=\"og:locale\" content=\"es_ES\" \/>\n<meta property=\"og:type\" content=\"article\" \/>\n<meta property=\"og:title\" content=\"22 perros peque\u00f1os te necesitan ahora | ARL - Animal Rescue League of Iowa, Inc.\" \/>\n<meta property=\"og:description\" content=\"Cuando nuestro Equipo de Bienestar y Respuesta Animal acudi\u00f3 a una llamada para ayudar a las fuerzas del orden con 22 perros peque\u00f1os en el noroeste de Iowa, pod\u00edan oler la casa antes incluso de llegar a la puerta.\" \/>\n<meta property=\"og:url\" content=\"https:\/\/arl-iowa.org\/es\/sin-categorizar\/22-perros-pequenos-te-necesitan-ahora\/\" \/>\n<meta property=\"og:site_name\" content=\"ARL - Animal Rescue League of Iowa, Inc.\" \/>\n<meta property=\"article:publisher\" content=\"https:\/\/www.facebook.com\/ARLIowa\" \/>\n<meta property=\"article:published_time\" content=\"2026-07-09T17:55:53+00:00\" \/>\n<meta property=\"article:modified_time\" content=\"2026-08-20T17:28:16+00:00\" \/>\n<meta property=\"og:image\" content=\"https:\/\/arl-iowa.org\/wp-content\/uploads\/2026\/07\/0709_22-dogs_eappeal_Header.jpg\" \/>\n\t<meta property=\"og:image:width\" content=\"800\" \/>\n\t<meta property=\"og:image:height\" content=\"600\" \/>\n\t<meta property=\"og:image:type\" content=\"image\/jpeg\" \/>\n<meta name=\"author\" content=\"ARL of Iowa\" \/>\n<meta name=\"twitter:card\" content=\"summary_large_image\" \/>\n<meta name=\"twitter:creator\" content=\"@ARLIowa\" \/>\n<meta name=\"twitter:site\" content=\"@ARLIowa\" \/>\n<meta name=\"twitter:label1\" content=\"Escrito por\" \/>\n\t<meta name=\"twitter:data1\" content=\"ARL of Iowa\" \/>\n\t<meta name=\"twitter:label2\" content=\"Tiempo de lectura\" \/>\n\t<meta name=\"twitter:data2\" content=\"2 minutos\" \/>\n<script type=\"application\/ld+json\" class=\"yoast-schema-graph\">{\"@context\":\"https:\\\/\\\/schema.org\",\"@graph\":[{\"@type\":\"Article\",\"@id\":\"https:\\\/\\\/arl-iowa.org\\\/es\\\/sin-categorizar\\\/22-perros-pequenos-te-necesitan-ahora\\\/#article\",\"isPartOf\":{\"@id\":\"https:\\\/\\\/arl-iowa.org\\\/es\\\/sin-categorizar\\\/22-perros-pequenos-te-necesitan-ahora\\\/\"},\"author\":{\"name\":\"ARL of Iowa\",\"@id\":\"https:\\\/\\\/arl-iowa.org\\\/es\\\/#\\\/schema\\\/person\\\/29725882113bed08fd02489254067d41\"},\"headline\":\"22 perros peque\u00f1os te necesitan ahora\",\"datePublished\":\"2026-07-09T17:55:53+00:00\",\"dateModified\":\"2026-08-20T17:28:16+00:00\",\"mainEntityOfPage\":{\"@id\":\"https:\\\/\\\/arl-iowa.org\\\/es\\\/sin-categorizar\\\/22-perros-pequenos-te-necesitan-ahora\\\/\"},\"wordCount\":404,\"commentCount\":0,\"publisher\":{\"@id\":\"https:\\\/\\\/arl-iowa.org\\\/es\\\/#organization\"},\"image\":{\"@id\":\"https:\\\/\\\/arl-iowa.org\\\/es\\\/sin-categorizar\\\/22-perros-pequenos-te-necesitan-ahora\\\/#primaryimage\"},\"thumbnailUrl\":\"https:\\\/\\\/arl-iowa.org\\\/wp-content\\\/uploads\\\/2026\\\/07\\\/0709_22-dogs_eappeal_Header.jpg\",\"articleSection\":[\"Sin categorizar\"],\"inLanguage\":\"es\",\"potentialAction\":[{\"@type\":\"CommentAction\",\"name\":\"Comment\",\"target\":[\"https:\\\/\\\/arl-iowa.org\\\/es\\\/sin-categorizar\\\/22-perros-pequenos-te-necesitan-ahora\\\/#respond\"]}]},{\"@type\":\"WebPage\",\"@id\":\"https:\\\/\\\/arl-iowa.org\\\/es\\\/sin-categorizar\\\/22-perros-pequenos-te-necesitan-ahora\\\/\",\"url\":\"https:\\\/\\\/arl-iowa.org\\\/es\\\/sin-categorizar\\\/22-perros-pequenos-te-necesitan-ahora\\\/\",\"name\":\"22 perros peque\u00f1os te necesitan ahora | ARL - Animal Rescue League of Iowa, Inc.\",\"isPartOf\":{\"@id\":\"https:\\\/\\\/arl-iowa.org\\\/es\\\/#website\"},\"primaryImageOfPage\":{\"@id\":\"https:\\\/\\\/arl-iowa.org\\\/es\\\/sin-categorizar\\\/22-perros-pequenos-te-necesitan-ahora\\\/#primaryimage\"},\"image\":{\"@id\":\"https:\\\/\\\/arl-iowa.org\\\/es\\\/sin-categorizar\\\/22-perros-pequenos-te-necesitan-ahora\\\/#primaryimage\"},\"thumbnailUrl\":\"https:\\\/\\\/arl-iowa.org\\\/wp-content\\\/uploads\\\/2026\\\/07\\\/0709_22-dogs_eappeal_Header.jpg\",\"datePublished\":\"2026-07-09T17:55:53+00:00\",\"dateModified\":\"2026-08-20T17:28:16+00:00\",\"description\":\"Cuando nuestro Equipo de Bienestar y Respuesta Animal acudi\u00f3 a una llamada para ayudar a las fuerzas del orden con 22 perros peque\u00f1os en el noroeste de Iowa, pod\u00edan oler la casa antes incluso de llegar a la puerta.\",\"breadcrumb\":{\"@id\":\"https:\\\/\\\/arl-iowa.org\\\/es\\\/sin-categorizar\\\/22-perros-pequenos-te-necesitan-ahora\\\/#breadcrumb\"},\"inLanguage\":\"es\",\"potentialAction\":[{\"@type\":\"ReadAction\",\"target\":[\"https:\\\/\\\/arl-iowa.org\\\/es\\\/sin-categorizar\\\/22-perros-pequenos-te-necesitan-ahora\\\/\"]}]},{\"@type\":\"ImageObject\",\"inLanguage\":\"es\",\"@id\":\"https:\\\/\\\/arl-iowa.org\\\/es\\\/sin-categorizar\\\/22-perros-pequenos-te-necesitan-ahora\\\/#primaryimage\",\"url\":\"https:\\\/\\\/arl-iowa.org\\\/wp-content\\\/uploads\\\/2026\\\/07\\\/0709_22-dogs_eappeal_Header.jpg\",\"contentUrl\":\"https:\\\/\\\/arl-iowa.org\\\/wp-content\\\/uploads\\\/2026\\\/07\\\/0709_22-dogs_eappeal_Header.jpg\",\"width\":800,\"height\":600},{\"@type\":\"BreadcrumbList\",\"@id\":\"https:\\\/\\\/arl-iowa.org\\\/es\\\/sin-categorizar\\\/22-perros-pequenos-te-necesitan-ahora\\\/#breadcrumb\",\"itemListElement\":[{\"@type\":\"ListItem\",\"position\":1,\"name\":\"Home\",\"item\":\"https:\\\/\\\/arl-iowa.org\\\/es\\\/\"},{\"@type\":\"ListItem\",\"position\":2,\"name\":\"22 perros peque\u00f1os te necesitan ahora\"}]},{\"@type\":\"WebSite\",\"@id\":\"https:\\\/\\\/arl-iowa.org\\\/es\\\/#website\",\"url\":\"https:\\\/\\\/arl-iowa.org\\\/es\\\/\",\"name\":\"ARL - Animal Rescue League of Iowa, Inc.\",\"description\":\"Iowa&#039;s largest nonprofit animal shelter, caring for many thousands of pets each year\",\"publisher\":{\"@id\":\"https:\\\/\\\/arl-iowa.org\\\/es\\\/#organization\"},\"potentialAction\":[{\"@type\":\"SearchAction\",\"target\":{\"@type\":\"EntryPoint\",\"urlTemplate\":\"https:\\\/\\\/arl-iowa.org\\\/es\\\/?s={search_term_string}\"},\"query-input\":{\"@type\":\"PropertyValueSpecification\",\"valueRequired\":true,\"valueName\":\"search_term_string\"}}],\"inLanguage\":\"es\"},{\"@type\":\"Organization\",\"@id\":\"https:\\\/\\\/arl-iowa.org\\\/es\\\/#organization\",\"name\":\"Animal Rescue League of Iowa, Inc.\",\"alternateName\":\"ARL Iowa\",\"url\":\"https:\\\/\\\/arl-iowa.org\\\/es\\\/\",\"logo\":{\"@type\":\"ImageObject\",\"inLanguage\":\"es\",\"@id\":\"https:\\\/\\\/arl-iowa.org\\\/es\\\/#\\\/schema\\\/logo\\\/image\\\/\",\"url\":\"https:\\\/\\\/arl-iowa.org\\\/wp-content\\\/uploads\\\/2025\\\/10\\\/ARL_LogoHoriz_Transparent.png\",\"contentUrl\":\"https:\\\/\\\/arl-iowa.org\\\/wp-content\\\/uploads\\\/2025\\\/10\\\/ARL_LogoHoriz_Transparent.png\",\"width\":900,\"height\":450,\"caption\":\"Animal Rescue League of Iowa, Inc.\"},\"image\":{\"@id\":\"https:\\\/\\\/arl-iowa.org\\\/es\\\/#\\\/schema\\\/logo\\\/image\\\/\"},\"sameAs\":[\"https:\\\/\\\/www.facebook.com\\\/ARLIowa\",\"https:\\\/\\\/x.com\\\/ARLIowa\",\"http:\\\/\\\/instagram.com\\\/ARLiowa\",\"https:\\\/\\\/www.youtube.com\\\/user\\\/arliowa\",\"https:\\\/\\\/www.tiktok.com\\\/@arliowa\"]},{\"@type\":\"Person\",\"@id\":\"https:\\\/\\\/arl-iowa.org\\\/es\\\/#\\\/schema\\\/person\\\/29725882113bed08fd02489254067d41\",\"name\":\"ARL of Iowa\",\"image\":{\"@type\":\"ImageObject\",\"inLanguage\":\"es\",\"@id\":\"https:\\\/\\\/secure.gravatar.com\\\/avatar\\\/6e0d7ff4f1fa2be28168b2c9d82dbc47df30605557ae4f40ec8ed1ca2238fbea?s=96&d=mm&r=g\",\"url\":\"https:\\\/\\\/secure.gravatar.com\\\/avatar\\\/6e0d7ff4f1fa2be28168b2c9d82dbc47df30605557ae4f40ec8ed1ca2238fbea?s=96&d=mm&r=g\",\"contentUrl\":\"https:\\\/\\\/secure.gravatar.com\\\/avatar\\\/6e0d7ff4f1fa2be28168b2c9d82dbc47df30605557ae4f40ec8ed1ca2238fbea?s=96&d=mm&r=g\",\"caption\":\"ARL of Iowa\"}}]}<\/script>\n<!-- \/ Yoast SEO plugin. -->","yoast_head_json":{"title":"22 perros peque\u00f1os te necesitan ahora | ARL - Animal Rescue League of Iowa, Inc.","description":"Cuando nuestro Equipo de Bienestar y Respuesta Animal acudi\u00f3 a una llamada para ayudar a las fuerzas del orden con 22 perros peque\u00f1os en el noroeste de Iowa, pod\u00edan oler la casa antes incluso de llegar a la puerta.","robots":{"index":"index","follow":"follow","max-snippet":"max-snippet:-1","max-image-preview":"max-image-preview:large","max-video-preview":"max-video-preview:-1"},"canonical":"https:\/\/arl-iowa.org\/es\/sin-categorizar\/22-perros-pequenos-te-necesitan-ahora\/","og_locale":"es_ES","og_type":"article","og_title":"22 perros peque\u00f1os te necesitan ahora | ARL - Animal Rescue League of Iowa, Inc.","og_description":"Cuando nuestro Equipo de Bienestar y Respuesta Animal acudi\u00f3 a una llamada para ayudar a las fuerzas del orden con 22 perros peque\u00f1os en el noroeste de Iowa, pod\u00edan oler la casa antes incluso de llegar a la puerta.","og_url":"https:\/\/arl-iowa.org\/es\/sin-categorizar\/22-perros-pequenos-te-necesitan-ahora\/","og_site_name":"ARL - Animal Rescue League of Iowa, Inc.","article_publisher":"https:\/\/www.facebook.com\/ARLIowa","article_published_time":"2026-07-09T17:55:53+00:00","article_modified_time":"2026-08-20T17:28:16+00:00","og_image":[{"width":800,"height":600,"url":"https:\/\/arl-iowa.org\/wp-content\/uploads\/2026\/07\/0709_22-dogs_eappeal_Header.jpg","type":"image\/jpeg"}],"author":"ARL of Iowa","twitter_card":"summary_large_image","twitter_creator":"@ARLIowa","twitter_site":"@ARLIowa","twitter_misc":{"Escrito por":"ARL of Iowa","Tiempo de lectura":"2 minutos"},"schema":{"@context":"https:\/\/schema.org","@graph":[{"@type":"Article","@id":"https:\/\/arl-iowa.org\/es\/sin-categorizar\/22-perros-pequenos-te-necesitan-ahora\/#article","isPartOf":{"@id":"https:\/\/arl-iowa.org\/es\/sin-categorizar\/22-perros-pequenos-te-necesitan-ahora\/"},"author":{"name":"ARL of Iowa","@id":"https:\/\/arl-iowa.org\/es\/#\/schema\/person\/29725882113bed08fd02489254067d41"},"headline":"22 perros peque\u00f1os te necesitan ahora","datePublished":"2026-07-09T17:55:53+00:00","dateModified":"2026-08-20T17:28:16+00:00","mainEntityOfPage":{"@id":"https:\/\/arl-iowa.org\/es\/sin-categorizar\/22-perros-pequenos-te-necesitan-ahora\/"},"wordCount":404,"commentCount":0,"publisher":{"@id":"https:\/\/arl-iowa.org\/es\/#organization"},"image":{"@id":"https:\/\/arl-iowa.org\/es\/sin-categorizar\/22-perros-pequenos-te-necesitan-ahora\/#primaryimage"},"thumbnailUrl":"https:\/\/arl-iowa.org\/wp-content\/uploads\/2026\/07\/0709_22-dogs_eappeal_Header.jpg","articleSection":["Sin categorizar"],"inLanguage":"es","potentialAction":[{"@type":"CommentAction","name":"Comment","target":["https:\/\/arl-iowa.org\/es\/sin-categorizar\/22-perros-pequenos-te-necesitan-ahora\/#respond"]}]},{"@type":"WebPage","@id":"https:\/\/arl-iowa.org\/es\/sin-categorizar\/22-perros-pequenos-te-necesitan-ahora\/","url":"https:\/\/arl-iowa.org\/es\/sin-categorizar\/22-perros-pequenos-te-necesitan-ahora\/","name":"22 perros peque\u00f1os te necesitan ahora | ARL - Animal Rescue League of Iowa, Inc.","isPartOf":{"@id":"https:\/\/arl-iowa.org\/es\/#website"},"primaryImageOfPage":{"@id":"https:\/\/arl-iowa.org\/es\/sin-categorizar\/22-perros-pequenos-te-necesitan-ahora\/#primaryimage"},"image":{"@id":"https:\/\/arl-iowa.org\/es\/sin-categorizar\/22-perros-pequenos-te-necesitan-ahora\/#primaryimage"},"thumbnailUrl":"https:\/\/arl-iowa.org\/wp-content\/uploads\/2026\/07\/0709_22-dogs_eappeal_Header.jpg","datePublished":"2026-07-09T17:55:53+00:00","dateModified":"2026-08-20T17:28:16+00:00","description":"Cuando nuestro Equipo de Bienestar y Respuesta Animal acudi\u00f3 a una llamada para ayudar a las fuerzas del orden con 22 perros peque\u00f1os en el noroeste de Iowa, pod\u00edan oler la casa antes incluso de llegar a la puerta.","breadcrumb":{"@id":"https:\/\/arl-iowa.org\/es\/sin-categorizar\/22-perros-pequenos-te-necesitan-ahora\/#breadcrumb"},"inLanguage":"es","potentialAction":[{"@type":"ReadAction","target":["https:\/\/arl-iowa.org\/es\/sin-categorizar\/22-perros-pequenos-te-necesitan-ahora\/"]}]},{"@type":"ImageObject","inLanguage":"es","@id":"https:\/\/arl-iowa.org\/es\/sin-categorizar\/22-perros-pequenos-te-necesitan-ahora\/#primaryimage","url":"https:\/\/arl-iowa.org\/wp-content\/uploads\/2026\/07\/0709_22-dogs_eappeal_Header.jpg","contentUrl":"https:\/\/arl-iowa.org\/wp-content\/uploads\/2026\/07\/0709_22-dogs_eappeal_Header.jpg","width":800,"height":600},{"@type":"BreadcrumbList","@id":"https:\/\/arl-iowa.org\/es\/sin-categorizar\/22-perros-pequenos-te-necesitan-ahora\/#breadcrumb","itemListElement":[{"@type":"ListItem","position":1,"name":"Home","item":"https:\/\/arl-iowa.org\/es\/"},{"@type":"ListItem","position":2,"name":"22 perros peque\u00f1os te necesitan ahora"}]},{"@type":"WebSite","@id":"https:\/\/arl-iowa.org\/es\/#website","url":"https:\/\/arl-iowa.org\/es\/","name":"ARL - Animal Rescue League of Iowa, Inc.","description":"Iowa&#039;s largest nonprofit animal shelter, caring for many thousands of pets each year","publisher":{"@id":"https:\/\/arl-iowa.org\/es\/#organization"},"potentialAction":[{"@type":"SearchAction","target":{"@type":"EntryPoint","urlTemplate":"https:\/\/arl-iowa.org\/es\/?s={search_term_string}"},"query-input":{"@type":"PropertyValueSpecification","valueRequired":true,"valueName":"search_term_string"}}],"inLanguage":"es"},{"@type":"Organization","@id":"https:\/\/arl-iowa.org\/es\/#organization","name":"Animal Rescue League of Iowa, Inc.","alternateName":"ARL Iowa","url":"https:\/\/arl-iowa.org\/es\/","logo":{"@type":"ImageObject","inLanguage":"es","@id":"https:\/\/arl-iowa.org\/es\/#\/schema\/logo\/image\/","url":"https:\/\/arl-iowa.org\/wp-content\/uploads\/2025\/10\/ARL_LogoHoriz_Transparent.png","contentUrl":"https:\/\/arl-iowa.org\/wp-content\/uploads\/2025\/10\/ARL_LogoHoriz_Transparent.png","width":900,"height":450,"caption":"Animal Rescue League of Iowa, Inc."},"image":{"@id":"https:\/\/arl-iowa.org\/es\/#\/schema\/logo\/image\/"},"sameAs":["https:\/\/www.facebook.com\/ARLIowa","https:\/\/x.com\/ARLIowa","http:\/\/instagram.com\/ARLiowa","https:\/\/www.youtube.com\/user\/arliowa","https:\/\/www.tiktok.com\/@arliowa"]},{"@type":"Person","@id":"https:\/\/arl-iowa.org\/es\/#\/schema\/person\/29725882113bed08fd02489254067d41","name":"ARL of Iowa","image":{"@type":"ImageObject","inLanguage":"es","@id":"https:\/\/secure.gravatar.com\/avatar\/6e0d7ff4f1fa2be28168b2c9d82dbc47df30605557ae4f40ec8ed1ca2238fbea?s=96&d=mm&r=g","url":"https:\/\/secure.gravatar.com\/avatar\/6e0d7ff4f1fa2be28168b2c9d82dbc47df30605557ae4f40ec8ed1ca2238fbea?s=96&d=mm&r=g","contentUrl":"https:\/\/secure.gravatar.com\/avatar\/6e0d7ff4f1fa2be28168b2c9d82dbc47df30605557ae4f40ec8ed1ca2238fbea?s=96&d=mm&r=g","caption":"ARL of Iowa"}}]}},"acf":[],"_links":{"self":[{"href":"https:\/\/arl-iowa.org\/es\/wp-json\/wp\/v2\/posts\/99957","targetHints":{"allow":["GET"]}}],"collection":[{"href":"https:\/\/arl-iowa.org\/es\/wp-json\/wp\/v2\/posts"}],"about":[{"href":"https:\/\/arl-iowa.org\/es\/wp-json\/wp\/v2\/types\/post"}],"author":[{"embeddable":true,"href":"https:\/\/arl-iowa.org\/es\/wp-json\/wp\/v2\/users\/4"}],"replies":[{"embeddable":true,"href":"https:\/\/arl-iowa.org\/es\/wp-json\/wp\/v2\/comments?post=99957"}],"version-history":[{"count":2,"href":"https:\/\/arl-iowa.org\/es\/wp-json\/wp\/v2\/posts\/99957\/revisions"}],"predecessor-version":[{"id":99960,"href":"https:\/\/arl-iowa.org\/es\/wp-json\/wp\/v2\/posts\/99957\/revisions\/99960"}],"wp:featuredmedia":[{"embeddable":true,"href":"https:\/\/arl-iowa.org\/es\/wp-json\/wp\/v2\/media\/99958"}],"wp:attachment":[{"href":"https:\/\/arl-iowa.org\/es\/wp-json\/wp\/v2\/media?parent=99957"}],"wp:term":[{"taxonomy":"category","embeddable":true,"href":"https:\/\/arl-iowa.org\/es\/wp-json\/wp\/v2\/categories?post=99957"},{"taxonomy":"post_tag","embeddable":true,"href":"https:\/\/arl-iowa.org\/es\/wp-json\/wp\/v2\/tags?post=99957"}],"curies":[{"name":"wp","href":"https:\/\/api.w.org\/{rel}","templated":true}]}}